{"id":11443,"date":"2021-05-13T10:45:41","date_gmt":"2021-05-13T10:45:41","guid":{"rendered":"https:\/\/pergaminho.design\/?p=11443"},"modified":"2024-10-01T08:07:31","modified_gmt":"2024-10-01T08:07:31","slug":"miniwedding-casamentos-pequenos","status":"publish","type":"post","link":"https:\/\/pergaminho.design\/en\/miniwedding-casamentos-pequenos\/","title":{"rendered":"Miniwedding &#8211; Casamentos Pequenos"},"content":{"rendered":"<div data-elementor-type=\"wp-post\" data-elementor-id=\"11443\" class=\"elementor elementor-11443\" data-elementor-post-type=\"post\">\n\t\t\t\t\t\t<section class=\"wd-negative-gap elementor-section elementor-top-section elementor-element elementor-element-5554060 elementor-section-boxed elementor-section-height-default elementor-section-height-default\" data-id=\"5554060\" data-element_type=\"section\" data-e-type=\"section\">\n\t\t\t\t\t\t<div class=\"elementor-container elementor-column-gap-default\">\n\t\t\t\t\t<div class=\"elementor-column elementor-col-100 elementor-top-column elementor-element elementor-element-5745714\" data-id=\"5745714\" data-element_type=\"column\" data-e-type=\"column\">\n\t\t\t<div class=\"elementor-widget-wrap elementor-element-populated\">\n\t\t\t\t\t\t<div class=\"elementor-element elementor-element-f65af97 wd-width-100 elementor-widget elementor-widget-wd_title\" data-id=\"f65af97\" data-element_type=\"widget\" data-e-type=\"widget\" data-widget_type=\"wd_title.default\">\n\t\t\t\t<div class=\"elementor-widget-container\">\n\t\t\t\t\t\t\t<div class=\"title-wrapper wd-set-mb reset-last-child wd-title-color-default wd-title-style-bordered wd-title-size-default text-center\">\n\n\t\t\t\n\t\t\t<div class=\"liner-continer\">\n\t\t\t\t<h4 class=\"woodmart-title-container title wd-fontsize-l\">CASAMENTOS COM POUCOS CONVIDADOS<\/h4> \n\t\t\t\t\t\t\t<\/div>\n\n\t\t\t\t\t<\/div>\n\t\t\t\t\t\t<\/div>\n\t\t\t\t<\/div>\n\t\t\t\t<div class=\"elementor-element elementor-element-7828052 color-scheme-inherit text-left elementor-widget elementor-widget-text-editor\" data-id=\"7828052\" data-element_type=\"widget\" data-e-type=\"widget\" data-widget_type=\"text-editor.default\">\n\t\t\t\t<div class=\"elementor-widget-container\">\n\t\t\t\t\t\t\t\t\t<p>Atendendo \u00e0 situa\u00e7\u00e3o pand\u00e9mica, especialmente entre 2020-2021, as restri\u00e7\u00f5es governamentais podem dificultar a organiza\u00e7\u00e3o do vosso casamento e poder\u00e3o impedir que o festejem da maneira que sempre sonharam, mas n\u00e3o deixem que esta situa\u00e7\u00e3o vos impe\u00e7a de festejar este dia que ser\u00e1 igualmente maravilhoso. Atualmente os casamentos pequenos est\u00e3o cada vez mais na moda, uma festa mais pequena e intimista, o que n\u00e3o significa que ser\u00e1 menos celebrada e para al\u00e9m disso ser convidado de um casamento pequeno \u00e9 uma honra. Os seus convidados ir\u00e3o, certamente, sentir-se ainda mais especiais.<\/p>\t\t\t\t\t\t\t\t<\/div>\n\t\t\t\t<\/div>\n\t\t\t\t<div class=\"elementor-element elementor-element-78ce18e elementor-widget elementor-widget-image\" data-id=\"78ce18e\" data-element_type=\"widget\" data-e-type=\"widget\" data-widget_type=\"image.default\">\n\t\t\t\t<div class=\"elementor-widget-container\">\n\t\t\t\t\t\t\t\t\t\t\t\t\t\t\t\t<a href=\"https:\/\/www.heldercoutophoto.com\/\" target=\"_blank\" rel=\"noopener\">\n\t\t\t\t\t\t\t<img loading=\"lazy\" decoding=\"async\" width=\"1024\" height=\"681\" src=\"https:\/\/pergaminho.design\/wp-content\/uploads\/2021\/05\/Captura-de-ecra-2021-05-17-as-10.04.59-1024x681.png\" class=\"attachment-large size-large wp-image-11463\" alt=\"Familiares a atirar p\u00e9talas de rosas cor de rosa aos noivos\" srcset=\"https:\/\/pergaminho.design\/wp-content\/uploads\/2021\/05\/Captura-de-ecra-2021-05-17-as-10.04.59-1024x681.png 1024w, https:\/\/pergaminho.design\/wp-content\/uploads\/2021\/05\/Captura-de-ecra-2021-05-17-as-10.04.59-150x100.png 150w, https:\/\/pergaminho.design\/wp-content\/uploads\/2021\/05\/Captura-de-ecra-2021-05-17-as-10.04.59-1000x665.png 1000w, https:\/\/pergaminho.design\/wp-content\/uploads\/2021\/05\/Captura-de-ecra-2021-05-17-as-10.04.59-300x200.png 300w, https:\/\/pergaminho.design\/wp-content\/uploads\/2021\/05\/Captura-de-ecra-2021-05-17-as-10.04.59-768x511.png 768w, https:\/\/pergaminho.design\/wp-content\/uploads\/2021\/05\/Captura-de-ecra-2021-05-17-as-10.04.59.png 1404w\" sizes=\"auto, (max-width: 1024px) 100vw, 1024px\" \/>\t\t\t\t\t\t\t\t<\/a>\n\t\t\t\t\t\t\t\t\t\t\t\t\t\t\t<\/div>\n\t\t\t\t<\/div>\n\t\t\t\t<div class=\"elementor-element elementor-element-f6f8151 color-scheme-inherit text-left elementor-widget elementor-widget-text-editor\" data-id=\"f6f8151\" data-element_type=\"widget\" data-e-type=\"widget\" data-widget_type=\"text-editor.default\">\n\t\t\t\t<div class=\"elementor-widget-container\">\n\t\t\t\t\t\t\t\t\t\u00aeheldercoutophoto\n\t\t\t\t\t\t\t\t<\/div>\n\t\t\t\t<\/div>\n\t\t\t\t\t<\/div>\n\t\t<\/div>\n\t\t\t\t\t<\/div>\n\t\t<\/section>\n\t\t\t\t<section class=\"wd-negative-gap elementor-section elementor-top-section elementor-element elementor-element-8893899 elementor-section-boxed elementor-section-height-default elementor-section-height-default\" data-id=\"8893899\" data-element_type=\"section\" data-e-type=\"section\">\n\t\t\t\t\t\t<div class=\"elementor-container elementor-column-gap-default\">\n\t\t\t\t\t<div class=\"elementor-column elementor-col-100 elementor-top-column elementor-element elementor-element-45261\" data-id=\"45261\" data-element_type=\"column\" data-e-type=\"column\">\n\t\t\t<div class=\"elementor-widget-wrap elementor-element-populated\">\n\t\t\t\t\t\t<div class=\"elementor-element elementor-element-f3eb1b2 wd-width-100 elementor-widget elementor-widget-wd_title\" data-id=\"f3eb1b2\" data-element_type=\"widget\" data-e-type=\"widget\" data-widget_type=\"wd_title.default\">\n\t\t\t\t<div class=\"elementor-widget-container\">\n\t\t\t\t\t\t\t<div class=\"title-wrapper wd-set-mb reset-last-child wd-title-color-default wd-title-style-bordered wd-title-size-default text-center\">\n\n\t\t\t\n\t\t\t<div class=\"liner-continer\">\n\t\t\t\t<h4 class=\"woodmart-title-container title wd-fontsize-l\">COMO ORGANIZAR O MEU CASAMENTO?<\/h4> \n\t\t\t\t\t\t\t<\/div>\n\n\t\t\t\t\t<\/div>\n\t\t\t\t\t\t<\/div>\n\t\t\t\t<\/div>\n\t\t\t\t<div class=\"elementor-element elementor-element-5169b4e color-scheme-inherit text-left elementor-widget elementor-widget-text-editor\" data-id=\"5169b4e\" data-element_type=\"widget\" data-e-type=\"widget\" data-widget_type=\"text-editor.default\">\n\t\t\t\t<div class=\"elementor-widget-container\">\n\t\t\t\t\t\t\t\t\t<p>Organizar um casamento com menos convidados e mais condicionantes n\u00e3o \u00e9 muito diferente de organizar um casamento normal. Um casamento pequeno ir\u00e1 conter tudo aquilo que sempre sonhou, a \u00fanica diferen\u00e7a estar\u00e1 no n\u00famero de convidados.<\/p><p>Mas para que se possam organizar melhor deixamos aqui a nossa checklist para que possam acompanhar passo a passo a organiza\u00e7\u00e3o para o vosso casamento, tornando a tarefa de wedding planning mais f\u00e1cil e c\u00f3moda poss\u00edvel.<\/p><p>\u00a0<\/p>\t\t\t\t\t\t\t\t<\/div>\n\t\t\t\t<\/div>\n\t\t\t\t<div class=\"elementor-element elementor-element-c744bb6 elementor-widget elementor-widget-image\" data-id=\"c744bb6\" data-element_type=\"widget\" data-e-type=\"widget\" data-widget_type=\"image.default\">\n\t\t\t\t<div class=\"elementor-widget-container\">\n\t\t\t\t\t\t\t\t\t\t\t\t\t\t\t\t<a href=\"https:\/\/pergaminho.design\/en\/product\/agenda-da-noiva\/\">\n\t\t\t\t\t\t\t<img loading=\"lazy\" decoding=\"async\" width=\"1024\" height=\"768\" src=\"https:\/\/pergaminho.design\/wp-content\/uploads\/2021\/05\/Agenda-Da-Noiva-2-1536x1152-1-1024x768.jpeg\" class=\"attachment-large size-large wp-image-11448\" alt=\"Agenda da noiva cor de rosa com palavras em foil dourado e fita branca e uma caneta dourada\" srcset=\"https:\/\/pergaminho.design\/wp-content\/uploads\/2021\/05\/Agenda-Da-Noiva-2-1536x1152-1-1024x768.jpeg 1024w, https:\/\/pergaminho.design\/wp-content\/uploads\/2021\/05\/Agenda-Da-Noiva-2-1536x1152-1-150x113.jpeg 150w, https:\/\/pergaminho.design\/wp-content\/uploads\/2021\/05\/Agenda-Da-Noiva-2-1536x1152-1-1000x750.jpeg 1000w, https:\/\/pergaminho.design\/wp-content\/uploads\/2021\/05\/Agenda-Da-Noiva-2-1536x1152-1-300x225.jpeg 300w, https:\/\/pergaminho.design\/wp-content\/uploads\/2021\/05\/Agenda-Da-Noiva-2-1536x1152-1-768x576.jpeg 768w, https:\/\/pergaminho.design\/wp-content\/uploads\/2021\/05\/Agenda-Da-Noiva-2-1536x1152-1.jpeg 1536w\" sizes=\"auto, (max-width: 1024px) 100vw, 1024px\" \/>\t\t\t\t\t\t\t\t<\/a>\n\t\t\t\t\t\t\t\t\t\t\t\t\t\t\t<\/div>\n\t\t\t\t<\/div>\n\t\t\t\t<div class=\"elementor-element elementor-element-71bc971 color-scheme-inherit text-left elementor-widget elementor-widget-text-editor\" data-id=\"71bc971\" data-element_type=\"widget\" data-e-type=\"widget\" data-widget_type=\"text-editor.default\">\n\t\t\t\t<div class=\"elementor-widget-container\">\n\t\t\t\t\t\t\t\t\t\u00aepergaminho.design\t\t\t\t\t\t\t\t<\/div>\n\t\t\t\t<\/div>\n\t\t\t\t<div class=\"elementor-element elementor-element-23d619b wd-width-100 elementor-widget elementor-widget-wd_title\" data-id=\"23d619b\" data-element_type=\"widget\" data-e-type=\"widget\" data-widget_type=\"wd_title.default\">\n\t\t\t\t<div class=\"elementor-widget-container\">\n\t\t\t\t\t\t\t<div class=\"title-wrapper wd-set-mb reset-last-child wd-title-color-default wd-title-style-bordered wd-title-size-default text-center\">\n\n\t\t\t\n\t\t\t<div class=\"liner-continer\">\n\t\t\t\t<h4 class=\"woodmart-title-container title wd-fontsize-l\">COMO FAZER A GEST\u00c3O DE OR\u00c7AMENTOS?<\/h4> \n\t\t\t\t\t\t\t<\/div>\n\n\t\t\t\t\t<\/div>\n\t\t\t\t\t\t<\/div>\n\t\t\t\t<\/div>\n\t\t\t\t<div class=\"elementor-element elementor-element-9803223 color-scheme-inherit text-left elementor-widget elementor-widget-text-editor\" data-id=\"9803223\" data-element_type=\"widget\" data-e-type=\"widget\" data-widget_type=\"text-editor.default\">\n\t\t\t\t<div class=\"elementor-widget-container\">\n\t\t\t\t\t\t\t\t\t<p>Pela l\u00f3gica, um casamento pequeno ter\u00e1 um or\u00e7amento mais reduzido do que casamentos maiores, quanto menos convidados, menos gastos no espa\u00e7o, nas lembran\u00e7as, no buffet e at\u00e9 nos <a href=\"https:\/\/pergaminho.design\/en\/convites-de-casamento\/\" target=\"_blank\" rel=\"noopener\">convites de casamento<\/a>. N\u00e3o pensem nesta situa\u00e7\u00e3o como uma regra, h\u00e1 noivos que aproveitam a sua comemora\u00e7\u00e3o mais \u00edntima, para usufruir de tudo aquilo que h\u00e1 de melhor e dar ao seu casamento um ar mais premium e requintado, celebram o seu casamento em lugares de sonho, com <a href=\"https:\/\/pergaminho.design\/en\/estacionario\/\" target=\"_blank\" rel=\"noopener\">servi\u00e7os <\/a>que n\u00e3o conseguiriam num casamento maior.<\/p><p>Por isso, fa\u00e7am juntos uma lista de todos os detalhes que s\u00e3o mais importantes para voc\u00eas como casal e em quais preferem investir mais dinheiro, n\u00e3o se foquem apenas em economizar, celebrem o casamento dos vossos sonhos e aproveitem o dia ao m\u00e1ximo.<\/p>\t\t\t\t\t\t\t\t<\/div>\n\t\t\t\t<\/div>\n\t\t\t\t<section class=\"wd-negative-gap elementor-section elementor-inner-section elementor-element elementor-element-80672e8 elementor-section-boxed elementor-section-height-default elementor-section-height-default\" data-id=\"80672e8\" data-element_type=\"section\" data-e-type=\"section\">\n\t\t\t\t\t\t<div class=\"elementor-container elementor-column-gap-default\">\n\t\t\t\t\t<div class=\"elementor-column elementor-col-100 elementor-inner-column elementor-element elementor-element-12adbfa\" data-id=\"12adbfa\" data-element_type=\"column\" data-e-type=\"column\">\n\t\t\t<div class=\"elementor-widget-wrap elementor-element-populated\">\n\t\t\t\t\t\t<div class=\"elementor-element elementor-element-ccad160 elementor-widget elementor-widget-image\" data-id=\"ccad160\" data-element_type=\"widget\" data-e-type=\"widget\" data-widget_type=\"image.default\">\n\t\t\t\t<div class=\"elementor-widget-container\">\n\t\t\t\t\t\t\t\t\t\t\t\t\t\t\t\t<a href=\"https:\/\/pergaminho.design\/en\/product\/agenda-da-noiva\/\">\n\t\t\t\t\t\t\t<img loading=\"lazy\" decoding=\"async\" width=\"1024\" height=\"768\" src=\"https:\/\/pergaminho.design\/wp-content\/uploads\/2021\/05\/Agenda-Post2-1536x1152-1-1024x768.jpeg\" class=\"attachment-large size-large wp-image-11464\" alt=\"Agenda da noiva cor de rosa com palavras em foil dourado e fita branca e uma caneta dourada\" srcset=\"https:\/\/pergaminho.design\/wp-content\/uploads\/2021\/05\/Agenda-Post2-1536x1152-1-1024x768.jpeg 1024w, https:\/\/pergaminho.design\/wp-content\/uploads\/2021\/05\/Agenda-Post2-1536x1152-1-150x113.jpeg 150w, https:\/\/pergaminho.design\/wp-content\/uploads\/2021\/05\/Agenda-Post2-1536x1152-1-1000x750.jpeg 1000w, https:\/\/pergaminho.design\/wp-content\/uploads\/2021\/05\/Agenda-Post2-1536x1152-1-300x225.jpeg 300w, https:\/\/pergaminho.design\/wp-content\/uploads\/2021\/05\/Agenda-Post2-1536x1152-1-768x576.jpeg 768w, https:\/\/pergaminho.design\/wp-content\/uploads\/2021\/05\/Agenda-Post2-1536x1152-1.jpeg 1536w\" sizes=\"auto, (max-width: 1024px) 100vw, 1024px\" \/>\t\t\t\t\t\t\t\t<\/a>\n\t\t\t\t\t\t\t\t\t\t\t\t\t\t\t<\/div>\n\t\t\t\t<\/div>\n\t\t\t\t\t<\/div>\n\t\t<\/div>\n\t\t\t\t\t<\/div>\n\t\t<\/section>\n\t\t\t\t<div class=\"elementor-element elementor-element-bb3893a color-scheme-inherit text-left elementor-widget elementor-widget-text-editor\" data-id=\"bb3893a\" data-element_type=\"widget\" data-e-type=\"widget\" data-widget_type=\"text-editor.default\">\n\t\t\t\t<div class=\"elementor-widget-container\">\n\t\t\t\t\t\t\t\t\t\u00aepergaminho.design\t\t\t\t\t\t\t\t<\/div>\n\t\t\t\t<\/div>\n\t\t\t\t<div class=\"elementor-element elementor-element-2817386 wd-width-100 elementor-widget elementor-widget-wd_title\" data-id=\"2817386\" data-element_type=\"widget\" data-e-type=\"widget\" data-widget_type=\"wd_title.default\">\n\t\t\t\t<div class=\"elementor-widget-container\">\n\t\t\t\t\t\t\t<div class=\"title-wrapper wd-set-mb reset-last-child wd-title-color-default wd-title-style-bordered wd-title-size-default text-center\">\n\n\t\t\t\n\t\t\t<div class=\"liner-continer\">\n\t\t\t\t<h4 class=\"woodmart-title-container title wd-fontsize-l\">LISTA DE CONVIDADOS<\/h4> \n\t\t\t\t\t\t\t<\/div>\n\n\t\t\t\t\t<\/div>\n\t\t\t\t\t\t<\/div>\n\t\t\t\t<\/div>\n\t\t\t\t<div class=\"elementor-element elementor-element-3768947 color-scheme-inherit text-left elementor-widget elementor-widget-text-editor\" data-id=\"3768947\" data-element_type=\"widget\" data-e-type=\"widget\" data-widget_type=\"text-editor.default\">\n\t\t\t\t<div class=\"elementor-widget-container\">\n\t\t\t\t\t\t\t\t\t<p>A lista de convidados \u00e9 sem d\u00favida o maior desafio e um dos pontos mais importantes do vosso casamento. \u00c9 importante que definam o n\u00famero de convidados para que possam come\u00e7ar a planear todos os detalhes e a fazer os <a href=\"https:\/\/pergaminho.design\/en\/convites-de-casamento\/\" target=\"_blank\" rel=\"noopener\">convites de casamento<\/a>. Comecem por fazer uma lista de todos os convidados que gostariam que estivessem presentes e na qual estejam as pessoas mais importantes das vossas vidas, lembrem-se que um casamento pequeno ter\u00e1 sempre a lista de convidados mais reduzida e certamente ter\u00e3o que dar prioridade \u00e0queles que mais gostam.<\/p>\t\t\t\t\t\t\t\t<\/div>\n\t\t\t\t<\/div>\n\t\t\t\t<section class=\"wd-negative-gap elementor-section elementor-inner-section elementor-element elementor-element-1599c27 elementor-section-boxed elementor-section-height-default elementor-section-height-default\" data-id=\"1599c27\" data-element_type=\"section\" data-e-type=\"section\">\n\t\t\t\t\t\t<div class=\"elementor-container elementor-column-gap-default\">\n\t\t\t\t\t<div class=\"elementor-column elementor-col-50 elementor-inner-column elementor-element elementor-element-e527603\" data-id=\"e527603\" data-element_type=\"column\" data-e-type=\"column\">\n\t\t\t<div class=\"elementor-widget-wrap elementor-element-populated\">\n\t\t\t\t\t\t<div class=\"elementor-element elementor-element-aafe027 elementor-widget elementor-widget-image\" data-id=\"aafe027\" data-element_type=\"widget\" data-e-type=\"widget\" data-widget_type=\"image.default\">\n\t\t\t\t<div class=\"elementor-widget-container\">\n\t\t\t\t\t\t\t\t\t\t\t\t\t\t\t\t<a href=\"https:\/\/vanessaivo.com\/\" target=\"_blank\" rel=\"noopener\">\n\t\t\t\t\t\t\t<img loading=\"lazy\" decoding=\"async\" width=\"1024\" height=\"680\" src=\"https:\/\/pergaminho.design\/wp-content\/uploads\/2021\/05\/Miniwedding-4-1024x680.png\" class=\"attachment-large size-large wp-image-11466\" alt=\"Fotografia de casamento com os noivos e a fam\u00edlia na areia com vista para o mar\" srcset=\"https:\/\/pergaminho.design\/wp-content\/uploads\/2021\/05\/Miniwedding-4-1024x680.png 1024w, https:\/\/pergaminho.design\/wp-content\/uploads\/2021\/05\/Miniwedding-4-150x100.png 150w, https:\/\/pergaminho.design\/wp-content\/uploads\/2021\/05\/Miniwedding-4-1000x664.png 1000w, https:\/\/pergaminho.design\/wp-content\/uploads\/2021\/05\/Miniwedding-4-300x199.png 300w, https:\/\/pergaminho.design\/wp-content\/uploads\/2021\/05\/Miniwedding-4-768x510.png 768w, https:\/\/pergaminho.design\/wp-content\/uploads\/2021\/05\/Miniwedding-4.png 1138w\" sizes=\"auto, (max-width: 1024px) 100vw, 1024px\" \/>\t\t\t\t\t\t\t\t<\/a>\n\t\t\t\t\t\t\t\t\t\t\t\t\t\t\t<\/div>\n\t\t\t\t<\/div>\n\t\t\t\t\t<\/div>\n\t\t<\/div>\n\t\t\t\t<div class=\"elementor-column elementor-col-50 elementor-inner-column elementor-element elementor-element-288455b\" data-id=\"288455b\" data-element_type=\"column\" data-e-type=\"column\">\n\t\t\t<div class=\"elementor-widget-wrap elementor-element-populated\">\n\t\t\t\t\t\t<div class=\"elementor-element elementor-element-e30e400 elementor-widget elementor-widget-image\" data-id=\"e30e400\" data-element_type=\"widget\" data-e-type=\"widget\" data-widget_type=\"image.default\">\n\t\t\t\t<div class=\"elementor-widget-container\">\n\t\t\t\t\t\t\t\t\t\t\t\t\t\t\t\t<a href=\"https:\/\/vanessaivo.com\/\" target=\"_blank\" rel=\"noopener\">\n\t\t\t\t\t\t\t<img loading=\"lazy\" decoding=\"async\" width=\"1024\" height=\"682\" src=\"https:\/\/pergaminho.design\/wp-content\/uploads\/2021\/05\/Miniwedding-1-1024x682.png\" class=\"attachment-large size-large wp-image-11465\" alt=\"Fam\u00edlia dos noivos numa mesa branca com roupas brancas\" srcset=\"https:\/\/pergaminho.design\/wp-content\/uploads\/2021\/05\/Miniwedding-1-1024x682.png 1024w, https:\/\/pergaminho.design\/wp-content\/uploads\/2021\/05\/Miniwedding-1-150x100.png 150w, https:\/\/pergaminho.design\/wp-content\/uploads\/2021\/05\/Miniwedding-1-1000x666.png 1000w, https:\/\/pergaminho.design\/wp-content\/uploads\/2021\/05\/Miniwedding-1-300x200.png 300w, https:\/\/pergaminho.design\/wp-content\/uploads\/2021\/05\/Miniwedding-1-768x512.png 768w, https:\/\/pergaminho.design\/wp-content\/uploads\/2021\/05\/Miniwedding-1.png 1138w\" sizes=\"auto, (max-width: 1024px) 100vw, 1024px\" \/>\t\t\t\t\t\t\t\t<\/a>\n\t\t\t\t\t\t\t\t\t\t\t\t\t\t\t<\/div>\n\t\t\t\t<\/div>\n\t\t\t\t\t<\/div>\n\t\t<\/div>\n\t\t\t\t\t<\/div>\n\t\t<\/section>\n\t\t\t\t<div class=\"elementor-element elementor-element-7af0ec0 color-scheme-inherit text-left elementor-widget elementor-widget-text-editor\" data-id=\"7af0ec0\" data-element_type=\"widget\" data-e-type=\"widget\" data-widget_type=\"text-editor.default\">\n\t\t\t\t<div class=\"elementor-widget-container\">\n\t\t\t\t\t\t\t\t\t\u00aevanessaivofilms\t\t\t\t\t\t\t\t<\/div>\n\t\t\t\t<\/div>\n\t\t\t\t<div class=\"elementor-element elementor-element-c04762f wd-width-100 elementor-widget elementor-widget-wd_title\" data-id=\"c04762f\" data-element_type=\"widget\" data-e-type=\"widget\" data-widget_type=\"wd_title.default\">\n\t\t\t\t<div class=\"elementor-widget-container\">\n\t\t\t\t\t\t\t<div class=\"title-wrapper wd-set-mb reset-last-child wd-title-color-default wd-title-style-bordered wd-title-size-default text-center\">\n\n\t\t\t\n\t\t\t<div class=\"liner-continer\">\n\t\t\t\t<h4 class=\"woodmart-title-container title wd-fontsize-l\">COMO ESCOLHER O ESPA\u00c7O PERFEITO PARA UM CASAMENTO DE SONHO<\/h4> \n\t\t\t\t\t\t\t<\/div>\n\n\t\t\t\t\t<\/div>\n\t\t\t\t\t\t<\/div>\n\t\t\t\t<\/div>\n\t\t\t\t<div class=\"elementor-element elementor-element-1a55b63 color-scheme-inherit text-left elementor-widget elementor-widget-text-editor\" data-id=\"1a55b63\" data-element_type=\"widget\" data-e-type=\"widget\" data-widget_type=\"text-editor.default\">\n\t\t\t\t<div class=\"elementor-widget-container\">\n\t\t\t\t\t\t\t\t\t<p>No que diz respeito ao local do casamento, este estar\u00e1 dependente apenas dos gostos do casal, n\u00e3o existe nenhuma regra que dite onde dever\u00e3o ser festejados os casamentos mais pequenos. Atualmente muitos dos pequenos casamentos acontecem em lugares mais remotos, como na praia, ou no campo tornando assim a cerim\u00f3nia mais especial, acolhedora e intimista.<\/p><p>O local do casamento dir\u00e1 muito sobre o estilo do vosso casamento, por isso \u00e9 importante que tomem a decis\u00e3o de escolher o local do casamento juntos e tenham em considera\u00e7\u00e3o os gostos de ambos.<\/p>\t\t\t\t\t\t\t\t<\/div>\n\t\t\t\t<\/div>\n\t\t\t\t<section class=\"wd-negative-gap elementor-section elementor-inner-section elementor-element elementor-element-b8ee0b4 elementor-section-boxed elementor-section-height-default elementor-section-height-default\" data-id=\"b8ee0b4\" data-element_type=\"section\" data-e-type=\"section\">\n\t\t\t\t\t\t<div class=\"elementor-container elementor-column-gap-default\">\n\t\t\t\t\t<div class=\"elementor-column elementor-col-100 elementor-inner-column elementor-element elementor-element-701bf04\" data-id=\"701bf04\" data-element_type=\"column\" data-e-type=\"column\">\n\t\t\t<div class=\"elementor-widget-wrap elementor-element-populated\">\n\t\t\t\t\t\t<div class=\"elementor-element elementor-element-93af4cb elementor-widget elementor-widget-image\" data-id=\"93af4cb\" data-element_type=\"widget\" data-e-type=\"widget\" data-widget_type=\"image.default\">\n\t\t\t\t<div class=\"elementor-widget-container\">\n\t\t\t\t\t\t\t\t\t\t\t\t\t\t\t\t<a href=\"https:\/\/www.adrianamoraisphotography.com\/\" target=\"_blank\" rel=\"noopener\">\n\t\t\t\t\t\t\t<img loading=\"lazy\" decoding=\"async\" width=\"1024\" height=\"684\" src=\"https:\/\/pergaminho.design\/wp-content\/uploads\/2021\/05\/Miniwedding-3-1024x684.png\" class=\"attachment-large size-large wp-image-11467\" alt=\"Noivo e noiva a entrarem na sua festa mini wedding num campo exterior\" srcset=\"https:\/\/pergaminho.design\/wp-content\/uploads\/2021\/05\/Miniwedding-3-1024x684.png 1024w, https:\/\/pergaminho.design\/wp-content\/uploads\/2021\/05\/Miniwedding-3-150x100.png 150w, https:\/\/pergaminho.design\/wp-content\/uploads\/2021\/05\/Miniwedding-3-1000x668.png 1000w, https:\/\/pergaminho.design\/wp-content\/uploads\/2021\/05\/Miniwedding-3-300x201.png 300w, https:\/\/pergaminho.design\/wp-content\/uploads\/2021\/05\/Miniwedding-3-768x513.png 768w, https:\/\/pergaminho.design\/wp-content\/uploads\/2021\/05\/Miniwedding-3.png 1188w\" sizes=\"auto, (max-width: 1024px) 100vw, 1024px\" \/>\t\t\t\t\t\t\t\t<\/a>\n\t\t\t\t\t\t\t\t\t\t\t\t\t\t\t<\/div>\n\t\t\t\t<\/div>\n\t\t\t\t\t<\/div>\n\t\t<\/div>\n\t\t\t\t\t<\/div>\n\t\t<\/section>\n\t\t\t\t<div class=\"elementor-element elementor-element-14ac483 color-scheme-inherit text-left elementor-widget elementor-widget-text-editor\" data-id=\"14ac483\" data-element_type=\"widget\" data-e-type=\"widget\" data-widget_type=\"text-editor.default\">\n\t\t\t\t<div class=\"elementor-widget-container\">\n\t\t\t\t\t\t\t\t\t\u00aeadrianamorais\t\t\t\t\t\t\t\t<\/div>\n\t\t\t\t<\/div>\n\t\t\t\t<div class=\"elementor-element elementor-element-9c61501 wd-width-100 elementor-widget elementor-widget-wd_title\" data-id=\"9c61501\" data-element_type=\"widget\" data-e-type=\"widget\" data-widget_type=\"wd_title.default\">\n\t\t\t\t<div class=\"elementor-widget-container\">\n\t\t\t\t\t\t\t<div class=\"title-wrapper wd-set-mb reset-last-child wd-title-color-default wd-title-style-bordered wd-title-size-default text-center\">\n\n\t\t\t\n\t\t\t<div class=\"liner-continer\">\n\t\t\t\t<h4 class=\"woodmart-title-container title wd-fontsize-l\">OS CONVITES DE CASAMENTO<br \/>\n<\/h4> \n\t\t\t\t\t\t\t<\/div>\n\n\t\t\t\t\t<\/div>\n\t\t\t\t\t\t<\/div>\n\t\t\t\t<\/div>\n\t\t\t\t<div class=\"elementor-element elementor-element-33ed942 color-scheme-inherit text-left elementor-widget elementor-widget-text-editor\" data-id=\"33ed942\" data-element_type=\"widget\" data-e-type=\"widget\" data-widget_type=\"text-editor.default\">\n\t\t\t\t<div class=\"elementor-widget-container\">\n\t\t\t\t\t\t\t\t\t<p>Nos casamentos pequenos os convites de casamento podem parecer menos importantes, visto que ser\u00e3o poucos convidados, mas esse pensamento est\u00e1 completamente errado, os convites de casamento ser\u00e3o mais importantes do que nunca. Com um n\u00famero mais reduzido de convidados podem e devem optar por investir mais nos seus convites, fa\u00e7am a vossa pesquisa e pensem em fazer um convite de casamento mais premium e com maior qualidade, ou at\u00e9 mesmo num material mais especial como <a href=\"https:\/\/pergaminho.design\/en\/convites-de-casamento\/convites-rusticos\/\" target=\"_blank\" rel=\"noopener\">madeira <\/a>ou <a href=\"https:\/\/pergaminho.design\/en\/convites-de-casamento\/convites-acrilico\/\" target=\"_blank\" rel=\"noopener\">acr\u00edlico<\/a>. O convite de casamento ser\u00e1 uma lembran\u00e7a especial para todos os convidados. Temos as dicas ideais de <a href=\"https:\/\/pergaminho.design\/en\/2022\/03\/02\/como-personalizar-convite-casamento\/\" target=\"_blank\" rel=\"noopener\">como personalizar o seu convite de casamento<\/a>, que vos pode ajudar a inspirar para a total personaliza\u00e7\u00e3o do vosso convite de casamento perfeito.<\/p><p>Lembrem-se: os convites devem estar sempre de acordo com o estilo do vosso casamento.<\/p>\t\t\t\t\t\t\t\t<\/div>\n\t\t\t\t<\/div>\n\t\t\t\t<section class=\"wd-negative-gap elementor-section elementor-inner-section elementor-element elementor-element-085b208 elementor-section-boxed elementor-section-height-default elementor-section-height-default\" data-id=\"085b208\" data-element_type=\"section\" data-e-type=\"section\">\n\t\t\t\t\t\t<div class=\"elementor-container elementor-column-gap-default\">\n\t\t\t\t\t<div class=\"elementor-column elementor-col-50 elementor-inner-column elementor-element elementor-element-dd85076\" data-id=\"dd85076\" data-element_type=\"column\" data-e-type=\"column\">\n\t\t\t<div class=\"elementor-widget-wrap elementor-element-populated\">\n\t\t\t\t\t\t<div class=\"elementor-element elementor-element-b19a14c elementor-widget elementor-widget-image\" data-id=\"b19a14c\" data-element_type=\"widget\" data-e-type=\"widget\" data-widget_type=\"image.default\">\n\t\t\t\t<div class=\"elementor-widget-container\">\n\t\t\t\t\t\t\t\t\t\t\t\t\t\t\t\t<a href=\"https:\/\/pergaminho.design\/en\/portfolio\/catarina-pedro\/\">\n\t\t\t\t\t\t\t<img loading=\"lazy\" decoding=\"async\" width=\"1024\" height=\"675\" src=\"https:\/\/pergaminho.design\/wp-content\/uploads\/2021\/05\/Estacionario-de-Casamento-Catarina-e-Pedro-1536x1013-1-1024x675.jpeg\" class=\"attachment-large size-large wp-image-11469\" alt=\"Convite casamento do estilo floral feito de madeira com envelope de serapilheira\" srcset=\"https:\/\/pergaminho.design\/wp-content\/uploads\/2021\/05\/Estacionario-de-Casamento-Catarina-e-Pedro-1536x1013-1-1024x675.jpeg 1024w, https:\/\/pergaminho.design\/wp-content\/uploads\/2021\/05\/Estacionario-de-Casamento-Catarina-e-Pedro-1536x1013-1-150x99.jpeg 150w, https:\/\/pergaminho.design\/wp-content\/uploads\/2021\/05\/Estacionario-de-Casamento-Catarina-e-Pedro-1536x1013-1-1000x660.jpeg 1000w, https:\/\/pergaminho.design\/wp-content\/uploads\/2021\/05\/Estacionario-de-Casamento-Catarina-e-Pedro-1536x1013-1-300x198.jpeg 300w, https:\/\/pergaminho.design\/wp-content\/uploads\/2021\/05\/Estacionario-de-Casamento-Catarina-e-Pedro-1536x1013-1-768x507.jpeg 768w, https:\/\/pergaminho.design\/wp-content\/uploads\/2021\/05\/Estacionario-de-Casamento-Catarina-e-Pedro-1536x1013-1.jpeg 1536w\" sizes=\"auto, (max-width: 1024px) 100vw, 1024px\" \/>\t\t\t\t\t\t\t\t<\/a>\n\t\t\t\t\t\t\t\t\t\t\t\t\t\t\t<\/div>\n\t\t\t\t<\/div>\n\t\t\t\t\t<\/div>\n\t\t<\/div>\n\t\t\t\t<div class=\"elementor-column elementor-col-50 elementor-inner-column elementor-element elementor-element-953007f\" data-id=\"953007f\" data-element_type=\"column\" data-e-type=\"column\">\n\t\t\t<div class=\"elementor-widget-wrap elementor-element-populated\">\n\t\t\t\t\t\t<div class=\"elementor-element elementor-element-6b74e89 elementor-widget elementor-widget-image\" data-id=\"6b74e89\" data-element_type=\"widget\" data-e-type=\"widget\" data-widget_type=\"image.default\">\n\t\t\t\t<div class=\"elementor-widget-container\">\n\t\t\t\t\t\t\t\t\t\t\t\t\t\t\t\t<a href=\"https:\/\/pergaminho.design\/en\/portfolio\/ana-vasco\/\">\n\t\t\t\t\t\t\t<img loading=\"lazy\" decoding=\"async\" width=\"1024\" height=\"676\" src=\"https:\/\/pergaminho.design\/wp-content\/uploads\/2021\/05\/AnaeVasco_Website-02-1536x1014-1-1024x676.jpeg\" class=\"attachment-large size-large wp-image-11468\" alt=\"Convite de casamento em acr\u00edlico com impress\u00e3o UV num fundo cor bordo\" srcset=\"https:\/\/pergaminho.design\/wp-content\/uploads\/2021\/05\/AnaeVasco_Website-02-1536x1014-1-1024x676.jpeg 1024w, https:\/\/pergaminho.design\/wp-content\/uploads\/2021\/05\/AnaeVasco_Website-02-1536x1014-1-150x99.jpeg 150w, https:\/\/pergaminho.design\/wp-content\/uploads\/2021\/05\/AnaeVasco_Website-02-1536x1014-1-1000x660.jpeg 1000w, https:\/\/pergaminho.design\/wp-content\/uploads\/2021\/05\/AnaeVasco_Website-02-1536x1014-1-300x198.jpeg 300w, https:\/\/pergaminho.design\/wp-content\/uploads\/2021\/05\/AnaeVasco_Website-02-1536x1014-1-768x507.jpeg 768w, https:\/\/pergaminho.design\/wp-content\/uploads\/2021\/05\/AnaeVasco_Website-02-1536x1014-1.jpeg 1536w\" sizes=\"auto, (max-width: 1024px) 100vw, 1024px\" \/>\t\t\t\t\t\t\t\t<\/a>\n\t\t\t\t\t\t\t\t\t\t\t\t\t\t\t<\/div>\n\t\t\t\t<\/div>\n\t\t\t\t\t<\/div>\n\t\t<\/div>\n\t\t\t\t\t<\/div>\n\t\t<\/section>\n\t\t\t\t<div class=\"elementor-element elementor-element-8d01a58 color-scheme-inherit text-left elementor-widget elementor-widget-text-editor\" data-id=\"8d01a58\" data-element_type=\"widget\" data-e-type=\"widget\" data-widget_type=\"text-editor.default\">\n\t\t\t\t<div class=\"elementor-widget-container\">\n\t\t\t\t\t\t\t\t\t\u00aepergaminho.design\t\t\t\t\t\t\t\t<\/div>\n\t\t\t\t<\/div>\n\t\t\t\t<div class=\"elementor-element elementor-element-3f2c328 wd-width-100 elementor-widget elementor-widget-wd_title\" data-id=\"3f2c328\" data-element_type=\"widget\" data-e-type=\"widget\" data-widget_type=\"wd_title.default\">\n\t\t\t\t<div class=\"elementor-widget-container\">\n\t\t\t\t\t\t\t<div class=\"title-wrapper wd-set-mb reset-last-child wd-title-color-default wd-title-style-bordered wd-title-size-default text-center\">\n\n\t\t\t\n\t\t\t<div class=\"liner-continer\">\n\t\t\t\t<h4 class=\"woodmart-title-container title wd-fontsize-l\">A DECORA\u00c7\u00c3O<br \/>\n<\/h4> \n\t\t\t\t\t\t\t<\/div>\n\n\t\t\t\t\t<\/div>\n\t\t\t\t\t\t<\/div>\n\t\t\t\t<\/div>\n\t\t\t\t<div class=\"elementor-element elementor-element-9d12427 color-scheme-inherit text-left elementor-widget elementor-widget-text-editor\" data-id=\"9d12427\" data-element_type=\"widget\" data-e-type=\"widget\" data-widget_type=\"text-editor.default\">\n\t\t\t\t<div class=\"elementor-widget-container\">\n\t\t\t\t\t\t\t\t\t<p>Uma das vantagens dos casamentos pequenos \u00e9 que por terem uma lista de convidados mais pequena permite aos noivos que pensem e se dediquem a outros elementos do casamento como os detalhes na decora\u00e7\u00e3o, a m\u00fasica, a anima\u00e7\u00e3o ou at\u00e9 aos pratos que far\u00e3o parte do menu do seu casamento. Aproveitem para dar ao vosso casamento o toque mais personalizado poss\u00edvel e ao seu gosto, seja na praia, no campo, r\u00fastico ou na cidade o importante \u00e9 que ele seja \u00fanico e que seja exatamente o dia com que sempre sonharam.<\/p><p>Aposte nos detalhes, desde os <a href=\"https:\/\/pergaminho.design\/en\/convites-de-casamento\/\" target=\"_blank\" rel=\"noopener\">convites <\/a>ao <a href=\"https:\/\/pergaminho.design\/en\/categoria-produto\/sinaletica\/seating-plan\/\" target=\"_blank\" rel=\"noopener\">seating plan<\/a>, das ementas ao missal quando adequado, da <a href=\"https:\/\/pergaminho.design\/en\/categoria-produto\/caixas-de-aliancas\/\" target=\"_blank\" rel=\"noopener\">caixa de alian\u00e7as<\/a> \u00e0s lembran\u00e7as que pretenda presentear os seus convidados.<\/p>\t\t\t\t\t\t\t\t<\/div>\n\t\t\t\t<\/div>\n\t\t\t\t<div class=\"elementor-element elementor-element-3625a32 elementor-widget elementor-widget-image\" data-id=\"3625a32\" data-element_type=\"widget\" data-e-type=\"widget\" data-widget_type=\"image.default\">\n\t\t\t\t<div class=\"elementor-widget-container\">\n\t\t\t\t\t\t\t\t\t\t\t\t\t\t\t\t<a href=\"https:\/\/www.brancoprata.com\/\" target=\"_blank\" rel=\"noopener\">\n\t\t\t\t\t\t\t<img loading=\"lazy\" decoding=\"async\" width=\"1024\" height=\"639\" src=\"https:\/\/pergaminho.design\/wp-content\/uploads\/2021\/05\/miniwddings-e1624363548456-1024x639.png\" class=\"attachment-large size-large wp-image-11462\" alt=\"Mesa de casamento branca com pratos e flores brancas com cadeiras de madeira castanhas\" srcset=\"https:\/\/pergaminho.design\/wp-content\/uploads\/2021\/05\/miniwddings-e1624363548456-1024x639.png 1024w, https:\/\/pergaminho.design\/wp-content\/uploads\/2021\/05\/miniwddings-e1624363548456-150x94.png 150w, https:\/\/pergaminho.design\/wp-content\/uploads\/2021\/05\/miniwddings-e1624363548456-1000x624.png 1000w, https:\/\/pergaminho.design\/wp-content\/uploads\/2021\/05\/miniwddings-e1624363548456-300x187.png 300w, https:\/\/pergaminho.design\/wp-content\/uploads\/2021\/05\/miniwddings-e1624363548456-768x480.png 768w, https:\/\/pergaminho.design\/wp-content\/uploads\/2021\/05\/miniwddings-e1624363548456.png 1182w\" sizes=\"auto, (max-width: 1024px) 100vw, 1024px\" \/>\t\t\t\t\t\t\t\t<\/a>\n\t\t\t\t\t\t\t\t\t\t\t\t\t\t\t<\/div>\n\t\t\t\t<\/div>\n\t\t\t\t<div class=\"elementor-element elementor-element-5add982 color-scheme-inherit text-left elementor-widget elementor-widget-text-editor\" data-id=\"5add982\" data-element_type=\"widget\" data-e-type=\"widget\" data-widget_type=\"text-editor.default\">\n\t\t\t\t<div class=\"elementor-widget-container\">\n\t\t\t\t\t\t\t\t\t\u00aebrancoprata\t\t\t\t\t\t\t\t<\/div>\n\t\t\t\t<\/div>\n\t\t\t\t<div class=\"elementor-element elementor-element-0606477 elementor-widget-divider--view-line elementor-widget elementor-widget-divider\" data-id=\"0606477\" data-element_type=\"widget\" data-e-type=\"widget\" data-widget_type=\"divider.default\">\n\t\t\t\t<div class=\"elementor-widget-container\">\n\t\t\t\t\t\t\t<div class=\"elementor-divider\">\n\t\t\t<span class=\"elementor-divider-separator\">\n\t\t\t\t\t\t<\/span>\n\t\t<\/div>\n\t\t\t\t\t\t<\/div>\n\t\t\t\t<\/div>\n\t\t\t\t\t<\/div>\n\t\t<\/div>\n\t\t\t\t\t<\/div>\n\t\t<\/section>\n\t\t<div class=\"elementor-element elementor-element-107832a e-con-full e-flex e-con e-parent\" data-id=\"107832a\" data-element_type=\"container\" data-e-type=\"container\" data-settings=\"{&quot;background_background&quot;:&quot;classic&quot;}\">\n\t\t<div class=\"elementor-element elementor-element-95f26da e-con-full e-flex e-con e-child\" data-id=\"95f26da\" data-element_type=\"container\" data-e-type=\"container\">\n\t\t\t\t<div class=\"elementor-element elementor-element-155f4b2 elementor-widget elementor-widget-image\" data-id=\"155f4b2\" data-element_type=\"widget\" data-e-type=\"widget\" data-widget_type=\"image.default\">\n\t\t\t\t<div class=\"elementor-widget-container\">\n\t\t\t\t\t\t\t\t\t\t\t\t\t\t\t<img loading=\"lazy\" decoding=\"async\" width=\"1277\" height=\"1079\" src=\"https:\/\/pergaminho.design\/wp-content\/uploads\/2024\/03\/4-1-1-e1711378497586.jpg\" class=\"attachment-full size-full wp-image-22538\" alt=\"\" srcset=\"https:\/\/pergaminho.design\/wp-content\/uploads\/2024\/03\/4-1-1-e1711378497586.jpg 1277w, https:\/\/pergaminho.design\/wp-content\/uploads\/2024\/03\/4-1-1-e1711378497586-150x127.jpg 150w, https:\/\/pergaminho.design\/wp-content\/uploads\/2024\/03\/4-1-1-e1711378497586-1000x845.jpg 1000w, https:\/\/pergaminho.design\/wp-content\/uploads\/2024\/03\/4-1-1-e1711378497586-300x253.jpg 300w, https:\/\/pergaminho.design\/wp-content\/uploads\/2024\/03\/4-1-1-e1711378497586-1024x865.jpg 1024w, https:\/\/pergaminho.design\/wp-content\/uploads\/2024\/03\/4-1-1-e1711378497586-768x649.jpg 768w, https:\/\/pergaminho.design\/wp-content\/uploads\/2024\/03\/4-1-1-e1711378497586-14x12.jpg 14w\" sizes=\"auto, (max-width: 1277px) 100vw, 1277px\" \/>\t\t\t\t\t\t\t\t\t\t\t\t\t\t\t<\/div>\n\t\t\t\t<\/div>\n\t\t\t\t<\/div>\n\t\t<div class=\"elementor-element elementor-element-19edef3 e-con-full e-flex e-con e-child\" data-id=\"19edef3\" data-element_type=\"container\" data-e-type=\"container\">\n\t\t\t\t<div class=\"elementor-element elementor-element-ca87d38 elementor-widget elementor-widget-heading\" data-id=\"ca87d38\" data-element_type=\"widget\" data-e-type=\"widget\" data-widget_type=\"heading.default\">\n\t\t\t\t<div class=\"elementor-widget-container\">\n\t\t\t\t\t<h2 class=\"elementor-heading-title elementor-size-default\">Agende uma reuni\u00e3o e conte-nos um pouco mais sobre a vossa hist\u00f3ria<\/h2>\t\t\t\t<\/div>\n\t\t\t\t<\/div>\n\t\t\t\t<div class=\"elementor-element elementor-element-4f4a193 color-scheme-inherit text-left elementor-widget elementor-widget-text-editor\" data-id=\"4f4a193\" data-element_type=\"widget\" data-e-type=\"widget\" data-widget_type=\"text-editor.default\">\n\t\t\t\t<div class=\"elementor-widget-container\">\n\t\t\t\t\t\t\t\t\t<p>O casamento \u00e9 um dos momentos mais importantes e como tal merece todo o esfor\u00e7o e dedica\u00e7\u00e3o. Se ainda est\u00e1s com duvidas e precisas de ajuda, contacta-nos, agenda uma reuni\u00e3o para que vos possa ajudar.<\/p>\t\t\t\t\t\t\t\t<\/div>\n\t\t\t\t<\/div>\n\t\t<div class=\"wd-negative-gap elementor-element elementor-element-f1e9e6e e-flex e-con-boxed e-con e-child\" data-id=\"f1e9e6e\" data-element_type=\"container\" data-e-type=\"container\">\n\t\t\t\t\t<div class=\"e-con-inner\">\n\t\t\t\t<div class=\"elementor-element elementor-element-6e9051a elementor-widget__width-auto elementor-align-left elementor-widget elementor-widget-button\" data-id=\"6e9051a\" data-element_type=\"widget\" data-e-type=\"widget\" data-widget_type=\"button.default\">\n\t\t\t\t<div class=\"elementor-widget-container\">\n\t\t\t\t\t\t\t\t\t<div class=\"elementor-button-wrapper\">\n\t\t\t\t\t<a class=\"elementor-button elementor-button-link elementor-size-sm\" href=\"https:\/\/pergaminho.design\/en\/pedir-orcamento\/\">\n\t\t\t\t\t\t<span class=\"elementor-button-content-wrapper\">\n\t\t\t\t\t\t\t\t\t<span class=\"elementor-button-text\">PEDIR OR\u00c7AMENTO<\/span>\n\t\t\t\t\t<\/span>\n\t\t\t\t\t<\/a>\n\t\t\t\t<\/div>\n\t\t\t\t\t\t\t\t<\/div>\n\t\t\t\t<\/div>\n\t\t\t\t<div class=\"elementor-element elementor-element-c67756b elementor-widget__width-auto elementor-align-left elementor-widget elementor-widget-button\" data-id=\"c67756b\" data-element_type=\"widget\" data-e-type=\"widget\" data-widget_type=\"button.default\">\n\t\t\t\t<div class=\"elementor-widget-container\">\n\t\t\t\t\t\t\t\t\t<div class=\"elementor-button-wrapper\">\n\t\t\t\t\t<a class=\"elementor-button elementor-button-link elementor-size-sm\" href=\"https:\/\/pergaminho.design\/en\/agendar-reuniao\/\">\n\t\t\t\t\t\t<span class=\"elementor-button-content-wrapper\">\n\t\t\t\t\t\t\t\t\t<span class=\"elementor-button-text\">MARCAR REUNI\u00c3O<\/span>\n\t\t\t\t\t<\/span>\n\t\t\t\t\t<\/a>\n\t\t\t\t<\/div>\n\t\t\t\t\t\t\t\t<\/div>\n\t\t\t\t<\/div>\n\t\t\t\t\t<\/div>\n\t\t\t\t<\/div>\n\t\t\t\t<\/div>\n\t\t\t\t<\/div>\n\t\t\t\t<\/div>","protected":false},"excerpt":{"rendered":"<p>Atendendo \u00e0 situa\u00e7\u00e3o pand\u00e9mica, especialmente entre 2020-2021, as restri\u00e7\u00f5es governamentais podem dificultar a organiza\u00e7\u00e3o do vosso casamento e poder\u00e3o impedir que o festejem da maneira que sempre sonharam, mas n\u00e3o deixem que esta situa\u00e7\u00e3o vos impe\u00e7a de festejar este dia que ser\u00e1 igualmente maravilhoso.<\/p>","protected":false},"author":1,"featured_media":11462,"comment_status":"closed","ping_status":"open","sticky":false,"template":"","format":"standard","meta":{"_acf_changed":false,"footnotes":""},"categories":[73,71],"tags":[75,77,78,79,80,81,82,83,84,85,86],"class_list":["post-11443","post","type-post","status-publish","format-standard","has-post-thumbnail","hentry","category-inspiracao-de-casamento","category-design-de-convites","tag-blog","tag-casal","tag-casamento","tag-convites","tag-cor","tag-design","tag-dicas","tag-historia","tag-inspiracao","tag-tema","tag-tendencias"],"acf":[],"_links":{"self":[{"href":"https:\/\/pergaminho.design\/en\/wp-json\/wp\/v2\/posts\/11443","targetHints":{"allow":["GET"]}}],"collection":[{"href":"https:\/\/pergaminho.design\/en\/wp-json\/wp\/v2\/posts"}],"about":[{"href":"https:\/\/pergaminho.design\/en\/wp-json\/wp\/v2\/types\/post"}],"author":[{"embeddable":true,"href":"https:\/\/pergaminho.design\/en\/wp-json\/wp\/v2\/users\/1"}],"replies":[{"embeddable":true,"href":"https:\/\/pergaminho.design\/en\/wp-json\/wp\/v2\/comments?post=11443"}],"version-history":[{"count":5,"href":"https:\/\/pergaminho.design\/en\/wp-json\/wp\/v2\/posts\/11443\/revisions"}],"predecessor-version":[{"id":29217,"href":"https:\/\/pergaminho.design\/en\/wp-json\/wp\/v2\/posts\/11443\/revisions\/29217"}],"wp:featuredmedia":[{"embeddable":true,"href":"https:\/\/pergaminho.design\/en\/wp-json\/wp\/v2\/media\/11462"}],"wp:attachment":[{"href":"https:\/\/pergaminho.design\/en\/wp-json\/wp\/v2\/media?parent=11443"}],"wp:term":[{"taxonomy":"category","embeddable":true,"href":"https:\/\/pergaminho.design\/en\/wp-json\/wp\/v2\/categories?post=11443"},{"taxonomy":"post_tag","embeddable":true,"href":"https:\/\/pergaminho.design\/en\/wp-json\/wp\/v2\/tags?post=11443"}],"curies":[{"name":"wp","href":"https:\/\/api.w.org\/{rel}","templated":true}]}}